{"id":7177,"date":"2026-04-30T13:05:40","date_gmt":"2026-04-30T17:05:40","guid":{"rendered":"https:\/\/www.portquebec.ca\/?p=7177"},"modified":"2026-04-30T13:05:42","modified_gmt":"2026-04-30T17:05:42","slug":"reception-dun-avis-de-projet-optimisation-du-terminal-de-grain-de-parrish-heimbecker-ltd-ph","status":"publish","type":"post","link":"https:\/\/www.portquebec.ca\/en\/notice\/reception-dun-avis-de-projet-optimisation-du-terminal-de-grain-de-parrish-heimbecker-ltd-ph\/","title":{"rendered":"R\u00c9CEPTION D&#8217;UN AVIS DE PROJET &#8211; OPTIMISATION DU TERMINAL DE GRAIN DE PARRISH &amp; HEIMBECKER LTD (P&amp;H)"},"content":{"rendered":"<div class=\"item wysiwyg component-paragraph js-anim js-anim-scroll-top\"  ><div class=\"container\">\n<p>L&#8217;Administration portuaire de Qu\u00e9bec (APQ) annonce qu&#8217;un avis de projet a \u00e9t\u00e9 d\u00e9pos\u00e9 par Parrish &amp; Heimbecker Ltd. (P&amp;H). Le projet propose principalement l&#8217;ajout de deux silos \u00e0 l&#8217;arri\u00e8re des installations existantes sur le terrain en location par le partenaire, dans une optique d&#8217;optimisation de la capacit\u00e9 de stockage, tel qu&#8217;initialement r\u00e9fl\u00e9chi par l&#8217;ancien locataire.<\/p>\n<\/div><\/div>\n\n<div class=\"item wysiwyg component-paragraph js-anim js-anim-scroll-top\"  ><div class=\"container\">\n<p>Conform\u00e9ment \u00e0 ses obligations d\u00e9coulant de la Loi sur l&#8217;\u00e9valuation d&#8217;impact (LEI, 2019), et \u00e0 titre d&#8217;autorit\u00e9 f\u00e9d\u00e9rale, l&#8217;APQ proc\u00e9dera \u00e0 l&#8217;analyse de niveau 2 &#8211; projet pr\u00e9sentant un potentiel d&#8217;impacts environnementaux et sociaux n\u00e9gatifs mod\u00e9r\u00e9s &#8211; de cet avis dans le cadre de son <a href=\"https:\/\/www.portquebec.ca\/en\/environment\/impact-assessment-and-mitigation-process\/\">Processus d&#8217;\u00e9valuation et d&#8217;att\u00e9nuation des impacts (PEAI)<\/a>.<\/p>\n<\/div><\/div>\n\n<div class=\"item wysiwyg component-paragraph js-anim js-anim-scroll-top\"  ><div class=\"container\">\n<p>Le PEAI est un processus structur\u00e9 visant \u00e0 :<\/p>\n<\/div><\/div>\n\n<div class=\"item wysiwyg component-list js-anim js-anim-scroll-top\"  ><div class=\"container\">\n<ul class=\"wp-block-list\">\n<li>\u00e9valuer les effets environnementaux d&#8217;un projet ;<\/li>\n\n\n\n<li>analyser ses impacts potentiels sur le milieu de vie et les usages du territoire ;<\/li>\n\n\n\n<li>d\u00e9terminer, le cas \u00e9ch\u00e9ant, les mesures d&#8217;att\u00e9nuation appropri\u00e9es.<\/li>\n<\/ul>\n<\/div><\/div>\n\n<div class=\"item wysiwyg component-paragraph js-anim js-anim-scroll-top\"  ><div class=\"container\">\n<p>Ce processus pr\u00e9voit \u00e9galement des m\u00e9canismes d&#8217;information et de consultation des parties prenantes concern\u00e9es, incluant les citoyennes et citoyens, les organismes du milieu ainsi que les communaut\u00e9s autochtones, conform\u00e9ment aux exigences applicables.<\/p>\n<\/div><\/div>\n\n<div class=\"item wysiwyg component-paragraph js-anim js-anim-scroll-top\"  ><div class=\"container\">\n<p>\u00c0 cette \u00e9tape, l&#8217;avis de projet re\u00e7u constitue un d\u00e9p\u00f4t initial. Il ne s&#8217;agit ni d&#8217;une autorisation ni d&#8217;une approbation du projet. Les analyses et les \u00e9changes \u00e0 venir permettront de documenter le projet, d&#8217;en \u00e9valuer les impacts et d&#8217;identifier les enjeux soulev\u00e9s par le milieu. Une \u00e9valuation des effets environnementaux et sociaux sera produite en tenant compte des impacts et des enjeux soulev\u00e9s.<\/p>\n<\/div><\/div>\n\n<div class=\"item wysiwyg component-paragraph js-anim js-anim-scroll-top\"  ><div class=\"container\">\n<p>L&#8217;APQ rendra l&#8217;information disponible de fa\u00e7on \u00e9volutive tout au long du processus.<\/p>\n<\/div><\/div>\n\n<div class=\"item wysiwyg component-paragraph js-anim js-anim-scroll-top\"  ><div class=\"container\">\n<p>Pour consulter l&#8217;avis de projet, suivre l&#8217;\u00e9tat d&#8217;avancement du PEAI et acc\u00e9der \u00e0 l&#8217;ensemble de l&#8217;information disponible \u00e0 ce jour, la population est invit\u00e9e \u00e0 consulter <a href=\"https:\/\/jeparticipe.portquebec.ca\/projects\/optimisation-terminal-de-grain\">la plateforme <em>Je participe<\/em><\/a>.<\/p>\n<\/div><\/div>\n\n<div class=\"item wysiwyg component-heading js-anim js-anim-scroll-top\"  ><div class=\"container\">\n<h4 class=\"wp-block-heading\">Source et information<\/h4>\n<\/div><\/div>\n\n<div class=\"item wysiwyg component-paragraph js-anim js-anim-scroll-top\"  ><div class=\"container\">\n<p>Fr\u00e9d\u00e9ric Lagac\u00e9<\/p>\n<\/div><\/div>\n\n<div class=\"item wysiwyg component-paragraph js-anim js-anim-scroll-top\"  ><div class=\"container\">\n<p>Directeur, <em>Relations publiques et communications<\/em><\/p>\n<\/div><\/div>\n\n<div class=\"item wysiwyg component-paragraph js-anim js-anim-scroll-top\"  ><div class=\"container\">\n<p>418 929-5031 | <a href=\"mailto:frederic.lagace@portquebec.ca\">frederic.lagace@portquebec.ca<\/a><\/p>\n<\/div><\/div>","protected":false},"excerpt":{"rendered":"L&#8217;Administration portuaire de Qu\u00e9bec (APQ) annonce qu&#8217;un avis de projet a \u00e9t\u00e9 d\u00e9pos\u00e9 par Parrish &amp; Heimbecker Ltd. (P&amp;H). Le projet propose principalement l&#8217;ajout de deux silos \u00e0 l&#8217;arri\u00e8re des installations existantes sur le terrain en location par le partenaire, dans une optique d&#8217;optimisation de la capacit\u00e9 de stockage, tel qu&#8217;initialement r\u00e9fl\u00e9chi par l&#8217;ancien locataire. [&hellip;]","protected":false},"author":7,"featured_media":7176,"comment_status":"closed","ping_status":"closed","sticky":false,"template":"","format":"standard","meta":{"_acf_changed":false,"footnotes":""},"categories":[25],"tags":[],"class_list":["post-7177","post","type-post","status-publish","format-standard","has-post-thumbnail","hentry","category-notice"],"acf":[],"yoast_head":"<!-- This site is optimized with the Yoast SEO plugin v26.5 - https:\/\/yoast.com\/wordpress\/plugins\/seo\/ -->\n<title>R\u00c9CEPTION D&#039;UN AVIS DE PROJET - OPTIMISATION DU TERMINAL DE GRAIN DE PARRISH &amp; HEIMBECKER LTD (P&amp;H) - Port of Quebec<\/title>\n<meta name=\"robots\" content=\"index, follow, max-snippet:-1, max-image-preview:large, max-video-preview:-1\" \/>\n<link rel=\"canonical\" href=\"https:\/\/www.portquebec.ca\/en\/notice\/reception-dun-avis-de-projet-optimisation-du-terminal-de-grain-de-parrish-heimbecker-ltd-ph\/\" \/>\n<meta property=\"og:locale\" content=\"en_US\" \/>\n<meta property=\"og:type\" content=\"article\" \/>\n<meta property=\"og:title\" content=\"R\u00c9CEPTION D&#039;UN AVIS DE PROJET - OPTIMISATION DU TERMINAL DE GRAIN DE PARRISH &amp; HEIMBECKER LTD (P&amp;H) - Port of Quebec\" \/>\n<meta property=\"og:description\" content=\"L&#8217;Administration portuaire de Qu\u00e9bec (APQ) annonce qu&#8217;un avis de projet a \u00e9t\u00e9 d\u00e9pos\u00e9 par Parrish &amp; Heimbecker Ltd. (P&amp;H). Le projet propose principalement l&#8217;ajout de deux silos \u00e0 l&#8217;arri\u00e8re des installations existantes sur le terrain en location par le partenaire, dans une optique d&#8217;optimisation de la capacit\u00e9 de stockage, tel qu&#8217;initialement r\u00e9fl\u00e9chi par l&#8217;ancien locataire. [&hellip;]\" \/>\n<meta property=\"og:url\" content=\"https:\/\/www.portquebec.ca\/en\/notice\/reception-dun-avis-de-projet-optimisation-du-terminal-de-grain-de-parrish-heimbecker-ltd-ph\/\" \/>\n<meta property=\"og:site_name\" content=\"Port of Quebec\" \/>\n<meta property=\"article:published_time\" content=\"2026-04-30T17:05:40+00:00\" \/>\n<meta property=\"article:modified_time\" content=\"2026-04-30T17:05:42+00:00\" \/>\n<meta property=\"og:image\" content=\"https:\/\/www.portquebec.ca\/wp-content\/uploads\/2026\/04\/Cartes-secteurs-Plateforme-11-1.png\" \/>\n\t<meta property=\"og:image:width\" content=\"1920\" \/>\n\t<meta property=\"og:image:height\" content=\"1080\" \/>\n\t<meta property=\"og:image:type\" content=\"image\/png\" \/>\n<meta name=\"author\" content=\"Myriam B\u00e9rub\u00e9\" \/>\n<meta name=\"twitter:card\" content=\"summary_large_image\" \/>\n<meta name=\"twitter:label1\" content=\"Written by\" \/>\n\t<meta name=\"twitter:data1\" content=\"Myriam B\u00e9rub\u00e9\" \/>\n\t<meta name=\"twitter:label2\" content=\"Est. reading time\" \/>\n\t<meta name=\"twitter:data2\" content=\"2 minutes\" \/>\n<script type=\"application\/ld+json\" class=\"yoast-schema-graph\">{\"@context\":\"https:\/\/schema.org\",\"@graph\":[{\"@type\":\"Article\",\"@id\":\"https:\/\/www.portquebec.ca\/en\/notice\/reception-dun-avis-de-projet-optimisation-du-terminal-de-grain-de-parrish-heimbecker-ltd-ph\/#article\",\"isPartOf\":{\"@id\":\"https:\/\/www.portquebec.ca\/en\/notice\/reception-dun-avis-de-projet-optimisation-du-terminal-de-grain-de-parrish-heimbecker-ltd-ph\/\"},\"author\":{\"name\":\"Myriam B\u00e9rub\u00e9\",\"@id\":\"https:\/\/www.portquebec.ca\/#\/schema\/person\/090132c642199d9fddeb5e59de7dc203\"},\"headline\":\"R\u00c9CEPTION D&#8217;UN AVIS DE PROJET &#8211; OPTIMISATION DU TERMINAL DE GRAIN DE PARRISH &amp; HEIMBECKER LTD (P&amp;H)\",\"datePublished\":\"2026-04-30T17:05:40+00:00\",\"dateModified\":\"2026-04-30T17:05:42+00:00\",\"mainEntityOfPage\":{\"@id\":\"https:\/\/www.portquebec.ca\/en\/notice\/reception-dun-avis-de-projet-optimisation-du-terminal-de-grain-de-parrish-heimbecker-ltd-ph\/\"},\"wordCount\":372,\"publisher\":{\"@id\":\"https:\/\/www.portquebec.ca\/#organization\"},\"image\":{\"@id\":\"https:\/\/www.portquebec.ca\/en\/notice\/reception-dun-avis-de-projet-optimisation-du-terminal-de-grain-de-parrish-heimbecker-ltd-ph\/#primaryimage\"},\"thumbnailUrl\":\"https:\/\/www.portquebec.ca\/wp-content\/uploads\/2026\/04\/Cartes-secteurs-Plateforme-11-1.png\",\"articleSection\":[\"Notice\"],\"inLanguage\":\"en-US\"},{\"@type\":\"WebPage\",\"@id\":\"https:\/\/www.portquebec.ca\/en\/notice\/reception-dun-avis-de-projet-optimisation-du-terminal-de-grain-de-parrish-heimbecker-ltd-ph\/\",\"url\":\"https:\/\/www.portquebec.ca\/en\/notice\/reception-dun-avis-de-projet-optimisation-du-terminal-de-grain-de-parrish-heimbecker-ltd-ph\/\",\"name\":\"R\u00c9CEPTION D'UN AVIS DE PROJET - OPTIMISATION DU TERMINAL DE GRAIN DE PARRISH &amp; HEIMBECKER LTD (P&amp;H) - Port of Quebec\",\"isPartOf\":{\"@id\":\"https:\/\/www.portquebec.ca\/#website\"},\"primaryImageOfPage\":{\"@id\":\"https:\/\/www.portquebec.ca\/en\/notice\/reception-dun-avis-de-projet-optimisation-du-terminal-de-grain-de-parrish-heimbecker-ltd-ph\/#primaryimage\"},\"image\":{\"@id\":\"https:\/\/www.portquebec.ca\/en\/notice\/reception-dun-avis-de-projet-optimisation-du-terminal-de-grain-de-parrish-heimbecker-ltd-ph\/#primaryimage\"},\"thumbnailUrl\":\"https:\/\/www.portquebec.ca\/wp-content\/uploads\/2026\/04\/Cartes-secteurs-Plateforme-11-1.png\",\"datePublished\":\"2026-04-30T17:05:40+00:00\",\"dateModified\":\"2026-04-30T17:05:42+00:00\",\"breadcrumb\":{\"@id\":\"https:\/\/www.portquebec.ca\/en\/notice\/reception-dun-avis-de-projet-optimisation-du-terminal-de-grain-de-parrish-heimbecker-ltd-ph\/#breadcrumb\"},\"inLanguage\":\"en-US\",\"potentialAction\":[{\"@type\":\"ReadAction\",\"target\":[\"https:\/\/www.portquebec.ca\/en\/notice\/reception-dun-avis-de-projet-optimisation-du-terminal-de-grain-de-parrish-heimbecker-ltd-ph\/\"]}]},{\"@type\":\"ImageObject\",\"inLanguage\":\"en-US\",\"@id\":\"https:\/\/www.portquebec.ca\/en\/notice\/reception-dun-avis-de-projet-optimisation-du-terminal-de-grain-de-parrish-heimbecker-ltd-ph\/#primaryimage\",\"url\":\"https:\/\/www.portquebec.ca\/wp-content\/uploads\/2026\/04\/Cartes-secteurs-Plateforme-11-1.png\",\"contentUrl\":\"https:\/\/www.portquebec.ca\/wp-content\/uploads\/2026\/04\/Cartes-secteurs-Plateforme-11-1.png\",\"width\":1920,\"height\":1080,\"caption\":\"Parrish & Heimbecker Ltd\"},{\"@type\":\"BreadcrumbList\",\"@id\":\"https:\/\/www.portquebec.ca\/en\/notice\/reception-dun-avis-de-projet-optimisation-du-terminal-de-grain-de-parrish-heimbecker-ltd-ph\/#breadcrumb\",\"itemListElement\":[{\"@type\":\"ListItem\",\"position\":1,\"name\":\"Home\",\"item\":\"https:\/\/www.portquebec.ca\/en\/\"},{\"@type\":\"ListItem\",\"position\":2,\"name\":\"R\u00c9CEPTION D&rsquo;UN AVIS DE PROJET &#8211; OPTIMISATION DU TERMINAL DE GRAIN DE PARRISH &amp; HEIMBECKER LTD (P&amp;H)\"}]},{\"@type\":\"WebSite\",\"@id\":\"https:\/\/www.portquebec.ca\/#website\",\"url\":\"https:\/\/www.portquebec.ca\/\",\"name\":\"Port of Quebec\",\"description\":\"Un site qui traite du Port de Qu\u00e9bec\",\"publisher\":{\"@id\":\"https:\/\/www.portquebec.ca\/#organization\"},\"alternateName\":\"APQ\",\"potentialAction\":[{\"@type\":\"SearchAction\",\"target\":{\"@type\":\"EntryPoint\",\"urlTemplate\":\"https:\/\/www.portquebec.ca\/?s={search_term_string}\"},\"query-input\":{\"@type\":\"PropertyValueSpecification\",\"valueRequired\":true,\"valueName\":\"search_term_string\"}}],\"inLanguage\":\"en-US\"},{\"@type\":\"Organization\",\"@id\":\"https:\/\/www.portquebec.ca\/#organization\",\"name\":\"Port of Quebec\",\"url\":\"https:\/\/www.portquebec.ca\/\",\"logo\":{\"@type\":\"ImageObject\",\"inLanguage\":\"en-US\",\"@id\":\"https:\/\/www.portquebec.ca\/#\/schema\/logo\/image\/\",\"url\":\"https:\/\/www.portquebec.ca\/wp-content\/uploads\/2024\/12\/android-chrome-512x512-1.png\",\"contentUrl\":\"https:\/\/www.portquebec.ca\/wp-content\/uploads\/2024\/12\/android-chrome-512x512-1.png\",\"width\":512,\"height\":512,\"caption\":\"Port of Quebec\"},\"image\":{\"@id\":\"https:\/\/www.portquebec.ca\/#\/schema\/logo\/image\/\"}},{\"@type\":\"Person\",\"@id\":\"https:\/\/www.portquebec.ca\/#\/schema\/person\/090132c642199d9fddeb5e59de7dc203\",\"name\":\"Myriam B\u00e9rub\u00e9\",\"image\":{\"@type\":\"ImageObject\",\"inLanguage\":\"en-US\",\"@id\":\"https:\/\/www.portquebec.ca\/#\/schema\/person\/image\/\",\"url\":\"https:\/\/secure.gravatar.com\/avatar\/d361e9490bf27054250a65751856d97e63324fb380927afb2e140d9f79d969d2?s=96&d=mm&r=g\",\"contentUrl\":\"https:\/\/secure.gravatar.com\/avatar\/d361e9490bf27054250a65751856d97e63324fb380927afb2e140d9f79d969d2?s=96&d=mm&r=g\",\"caption\":\"Myriam B\u00e9rub\u00e9\"},\"url\":\"https:\/\/www.portquebec.ca\/en\/author\/mberube\/\"}]}<\/script>\n<!-- \/ Yoast SEO plugin. -->","yoast_head_json":{"title":"R\u00c9CEPTION D'UN AVIS DE PROJET - OPTIMISATION DU TERMINAL DE GRAIN DE PARRISH &amp; HEIMBECKER LTD (P&amp;H) - Port of Quebec","robots":{"index":"index","follow":"follow","max-snippet":"max-snippet:-1","max-image-preview":"max-image-preview:large","max-video-preview":"max-video-preview:-1"},"canonical":"https:\/\/www.portquebec.ca\/en\/notice\/reception-dun-avis-de-projet-optimisation-du-terminal-de-grain-de-parrish-heimbecker-ltd-ph\/","og_locale":"en_US","og_type":"article","og_title":"R\u00c9CEPTION D'UN AVIS DE PROJET - OPTIMISATION DU TERMINAL DE GRAIN DE PARRISH &amp; HEIMBECKER LTD (P&amp;H) - Port of Quebec","og_description":"L&#8217;Administration portuaire de Qu\u00e9bec (APQ) annonce qu&#8217;un avis de projet a \u00e9t\u00e9 d\u00e9pos\u00e9 par Parrish &amp; Heimbecker Ltd. (P&amp;H). Le projet propose principalement l&#8217;ajout de deux silos \u00e0 l&#8217;arri\u00e8re des installations existantes sur le terrain en location par le partenaire, dans une optique d&#8217;optimisation de la capacit\u00e9 de stockage, tel qu&#8217;initialement r\u00e9fl\u00e9chi par l&#8217;ancien locataire. [&hellip;]","og_url":"https:\/\/www.portquebec.ca\/en\/notice\/reception-dun-avis-de-projet-optimisation-du-terminal-de-grain-de-parrish-heimbecker-ltd-ph\/","og_site_name":"Port of Quebec","article_published_time":"2026-04-30T17:05:40+00:00","article_modified_time":"2026-04-30T17:05:42+00:00","og_image":[{"width":1920,"height":1080,"url":"https:\/\/www.portquebec.ca\/wp-content\/uploads\/2026\/04\/Cartes-secteurs-Plateforme-11-1.png","type":"image\/png"}],"author":"Myriam B\u00e9rub\u00e9","twitter_card":"summary_large_image","twitter_misc":{"Written by":"Myriam B\u00e9rub\u00e9","Est. reading time":"2 minutes"},"schema":{"@context":"https:\/\/schema.org","@graph":[{"@type":"Article","@id":"https:\/\/www.portquebec.ca\/en\/notice\/reception-dun-avis-de-projet-optimisation-du-terminal-de-grain-de-parrish-heimbecker-ltd-ph\/#article","isPartOf":{"@id":"https:\/\/www.portquebec.ca\/en\/notice\/reception-dun-avis-de-projet-optimisation-du-terminal-de-grain-de-parrish-heimbecker-ltd-ph\/"},"author":{"name":"Myriam B\u00e9rub\u00e9","@id":"https:\/\/www.portquebec.ca\/#\/schema\/person\/090132c642199d9fddeb5e59de7dc203"},"headline":"R\u00c9CEPTION D&#8217;UN AVIS DE PROJET &#8211; OPTIMISATION DU TERMINAL DE GRAIN DE PARRISH &amp; HEIMBECKER LTD (P&amp;H)","datePublished":"2026-04-30T17:05:40+00:00","dateModified":"2026-04-30T17:05:42+00:00","mainEntityOfPage":{"@id":"https:\/\/www.portquebec.ca\/en\/notice\/reception-dun-avis-de-projet-optimisation-du-terminal-de-grain-de-parrish-heimbecker-ltd-ph\/"},"wordCount":372,"publisher":{"@id":"https:\/\/www.portquebec.ca\/#organization"},"image":{"@id":"https:\/\/www.portquebec.ca\/en\/notice\/reception-dun-avis-de-projet-optimisation-du-terminal-de-grain-de-parrish-heimbecker-ltd-ph\/#primaryimage"},"thumbnailUrl":"https:\/\/www.portquebec.ca\/wp-content\/uploads\/2026\/04\/Cartes-secteurs-Plateforme-11-1.png","articleSection":["Notice"],"inLanguage":"en-US"},{"@type":"WebPage","@id":"https:\/\/www.portquebec.ca\/en\/notice\/reception-dun-avis-de-projet-optimisation-du-terminal-de-grain-de-parrish-heimbecker-ltd-ph\/","url":"https:\/\/www.portquebec.ca\/en\/notice\/reception-dun-avis-de-projet-optimisation-du-terminal-de-grain-de-parrish-heimbecker-ltd-ph\/","name":"R\u00c9CEPTION D'UN AVIS DE PROJET - OPTIMISATION DU TERMINAL DE GRAIN DE PARRISH &amp; HEIMBECKER LTD (P&amp;H) - Port of Quebec","isPartOf":{"@id":"https:\/\/www.portquebec.ca\/#website"},"primaryImageOfPage":{"@id":"https:\/\/www.portquebec.ca\/en\/notice\/reception-dun-avis-de-projet-optimisation-du-terminal-de-grain-de-parrish-heimbecker-ltd-ph\/#primaryimage"},"image":{"@id":"https:\/\/www.portquebec.ca\/en\/notice\/reception-dun-avis-de-projet-optimisation-du-terminal-de-grain-de-parrish-heimbecker-ltd-ph\/#primaryimage"},"thumbnailUrl":"https:\/\/www.portquebec.ca\/wp-content\/uploads\/2026\/04\/Cartes-secteurs-Plateforme-11-1.png","datePublished":"2026-04-30T17:05:40+00:00","dateModified":"2026-04-30T17:05:42+00:00","breadcrumb":{"@id":"https:\/\/www.portquebec.ca\/en\/notice\/reception-dun-avis-de-projet-optimisation-du-terminal-de-grain-de-parrish-heimbecker-ltd-ph\/#breadcrumb"},"inLanguage":"en-US","potentialAction":[{"@type":"ReadAction","target":["https:\/\/www.portquebec.ca\/en\/notice\/reception-dun-avis-de-projet-optimisation-du-terminal-de-grain-de-parrish-heimbecker-ltd-ph\/"]}]},{"@type":"ImageObject","inLanguage":"en-US","@id":"https:\/\/www.portquebec.ca\/en\/notice\/reception-dun-avis-de-projet-optimisation-du-terminal-de-grain-de-parrish-heimbecker-ltd-ph\/#primaryimage","url":"https:\/\/www.portquebec.ca\/wp-content\/uploads\/2026\/04\/Cartes-secteurs-Plateforme-11-1.png","contentUrl":"https:\/\/www.portquebec.ca\/wp-content\/uploads\/2026\/04\/Cartes-secteurs-Plateforme-11-1.png","width":1920,"height":1080,"caption":"Parrish & Heimbecker Ltd"},{"@type":"BreadcrumbList","@id":"https:\/\/www.portquebec.ca\/en\/notice\/reception-dun-avis-de-projet-optimisation-du-terminal-de-grain-de-parrish-heimbecker-ltd-ph\/#breadcrumb","itemListElement":[{"@type":"ListItem","position":1,"name":"Home","item":"https:\/\/www.portquebec.ca\/en\/"},{"@type":"ListItem","position":2,"name":"R\u00c9CEPTION D&rsquo;UN AVIS DE PROJET &#8211; OPTIMISATION DU TERMINAL DE GRAIN DE PARRISH &amp; HEIMBECKER LTD (P&amp;H)"}]},{"@type":"WebSite","@id":"https:\/\/www.portquebec.ca\/#website","url":"https:\/\/www.portquebec.ca\/","name":"Port of Quebec","description":"Un site qui traite du Port de Qu\u00e9bec","publisher":{"@id":"https:\/\/www.portquebec.ca\/#organization"},"alternateName":"APQ","potentialAction":[{"@type":"SearchAction","target":{"@type":"EntryPoint","urlTemplate":"https:\/\/www.portquebec.ca\/?s={search_term_string}"},"query-input":{"@type":"PropertyValueSpecification","valueRequired":true,"valueName":"search_term_string"}}],"inLanguage":"en-US"},{"@type":"Organization","@id":"https:\/\/www.portquebec.ca\/#organization","name":"Port of Quebec","url":"https:\/\/www.portquebec.ca\/","logo":{"@type":"ImageObject","inLanguage":"en-US","@id":"https:\/\/www.portquebec.ca\/#\/schema\/logo\/image\/","url":"https:\/\/www.portquebec.ca\/wp-content\/uploads\/2024\/12\/android-chrome-512x512-1.png","contentUrl":"https:\/\/www.portquebec.ca\/wp-content\/uploads\/2024\/12\/android-chrome-512x512-1.png","width":512,"height":512,"caption":"Port of Quebec"},"image":{"@id":"https:\/\/www.portquebec.ca\/#\/schema\/logo\/image\/"}},{"@type":"Person","@id":"https:\/\/www.portquebec.ca\/#\/schema\/person\/090132c642199d9fddeb5e59de7dc203","name":"Myriam B\u00e9rub\u00e9","image":{"@type":"ImageObject","inLanguage":"en-US","@id":"https:\/\/www.portquebec.ca\/#\/schema\/person\/image\/","url":"https:\/\/secure.gravatar.com\/avatar\/d361e9490bf27054250a65751856d97e63324fb380927afb2e140d9f79d969d2?s=96&d=mm&r=g","contentUrl":"https:\/\/secure.gravatar.com\/avatar\/d361e9490bf27054250a65751856d97e63324fb380927afb2e140d9f79d969d2?s=96&d=mm&r=g","caption":"Myriam B\u00e9rub\u00e9"},"url":"https:\/\/www.portquebec.ca\/en\/author\/mberube\/"}]}},"_links":{"self":[{"href":"https:\/\/www.portquebec.ca\/en\/wp-json\/wp\/v2\/posts\/7177","targetHints":{"allow":["GET"]}}],"collection":[{"href":"https:\/\/www.portquebec.ca\/en\/wp-json\/wp\/v2\/posts"}],"about":[{"href":"https:\/\/www.portquebec.ca\/en\/wp-json\/wp\/v2\/types\/post"}],"author":[{"embeddable":true,"href":"https:\/\/www.portquebec.ca\/en\/wp-json\/wp\/v2\/users\/7"}],"replies":[{"embeddable":true,"href":"https:\/\/www.portquebec.ca\/en\/wp-json\/wp\/v2\/comments?post=7177"}],"version-history":[{"count":2,"href":"https:\/\/www.portquebec.ca\/en\/wp-json\/wp\/v2\/posts\/7177\/revisions"}],"predecessor-version":[{"id":7181,"href":"https:\/\/www.portquebec.ca\/en\/wp-json\/wp\/v2\/posts\/7177\/revisions\/7181"}],"wp:featuredmedia":[{"embeddable":true,"href":"https:\/\/www.portquebec.ca\/en\/wp-json\/wp\/v2\/media\/7176"}],"wp:attachment":[{"href":"https:\/\/www.portquebec.ca\/en\/wp-json\/wp\/v2\/media?parent=7177"}],"wp:term":[{"taxonomy":"category","embeddable":true,"href":"https:\/\/www.portquebec.ca\/en\/wp-json\/wp\/v2\/categories?post=7177"},{"taxonomy":"post_tag","embeddable":true,"href":"https:\/\/www.portquebec.ca\/en\/wp-json\/wp\/v2\/tags?post=7177"}],"curies":[{"name":"wp","href":"https:\/\/api.w.org\/{rel}","templated":true}]}}